{"id":17468,"date":"2026-09-01T10:52:29","date_gmt":"2026-09-01T09:52:29","guid":{"rendered":"https:\/\/blog.pmstg.ch\/?p=17468"},"modified":"2026-09-01T10:52:29","modified_gmt":"2026-09-01T09:52:29","slug":"23pk-helfereinsatz-am-thurgauer-schulsporttag-vom-dienstag-8-9-26","status":"publish","type":"post","link":"https:\/\/blog.pmstg.ch\/?p=17468","title":{"rendered":"23PK: Helfereinsatz am Thurgauer Schulsporttag vom Dienstag, 8.9.26"},"content":{"rendered":"<p><img loading=\"lazy\" decoding=\"async\" class=\"alignleft wp-image-17472 size-medium\" src=\"https:\/\/blog.pmstg.ch\/wp-content\/uploads\/2026\/09\/Bild_Ausschreibung_26-206x300.jpg\" alt=\"\" width=\"206\" height=\"300\" srcset=\"https:\/\/blog.pmstg.ch\/wp-content\/uploads\/2026\/09\/Bild_Ausschreibung_26-206x300.jpg 206w, https:\/\/blog.pmstg.ch\/wp-content\/uploads\/2026\/09\/Bild_Ausschreibung_26-704x1024.jpg 704w, https:\/\/blog.pmstg.ch\/wp-content\/uploads\/2026\/09\/Bild_Ausschreibung_26-768x1117.jpg 768w, https:\/\/blog.pmstg.ch\/wp-content\/uploads\/2026\/09\/Bild_Ausschreibung_26-1056x1536.jpg 1056w, https:\/\/blog.pmstg.ch\/wp-content\/uploads\/2026\/09\/Bild_Ausschreibung_26-1408x2048.jpg 1408w, https:\/\/blog.pmstg.ch\/wp-content\/uploads\/2026\/09\/Bild_Ausschreibung_26-scaled.jpg 1760w\" sizes=\"auto, (max-width: 206px) 100vw, 206px\" \/>Am <strong>Dienstag, 8.9.26<\/strong> findet der <strong>TG-Schulsporttag auf dem Campus<\/strong> statt (<a href=\"https:\/\/blog.pmstg.ch\/wp-content\/uploads\/2026\/09\/Lageplan_TGSST_26.pdf\" target=\"_blank\" rel=\"noopener\">Lageplan_TGSST_26<\/a>). An diesem <strong>Leichtathletik-Team-Mehrkampf<\/strong>, der traditionsgem\u00e4ss durch die Fachgruppe Sport organisiert wird, messen sich <strong>\u00fcber 1500 Kinder und Jugendliche von der 5. bis zur 9. Klasse<\/strong> aus dem ganzen Kanton Thurgau. <strong>Alle 4. Klassen der PMS sind f\u00fcr einen Helfereinsatz von einem halben Tag Dauer eingeplant<\/strong> (23BCEG: Vormittags <a href=\"https:\/\/blog.pmstg.ch\/wp-content\/uploads\/2026\/09\/SuS_Helferplan_VM_23BCEG_26.pdf\" target=\"_blank\" rel=\"noopener\">SuS_Helferplan_VM_23BCEG_26<\/a> \/ 23ADFK Nachmittags <a href=\"https:\/\/blog.pmstg.ch\/wp-content\/uploads\/2026\/09\/SuS_Helferplan_NM_23ADFK_26.pdf\" target=\"_blank\" rel=\"noopener\">SuS_Helferplan_NM_23ADFK_26<\/a>). Bitte finden Sie sich am Wettkampftag um 0745 Uhr (23BCEG), bzw. um 1245 Uhr (23ADFK) zum Einsatz-Briefing in der H82 ein. Der Anlass findet bei jeder Witterung statt. Tragen Sie deshalb wetterfeste Kleidung. Wir empfehlen ein weisses T-Shirt und Jeans; Sportbekleidung ist nicht notwendig. F\u00fcr allf\u00e4llige Fragen stehen Ihnen Ihre Sportlehrpersonen gerne zur Verf\u00fcgung.<br \/>\nIn Vorfreude, FG SPO.<\/p>\n","protected":false},"excerpt":{"rendered":"<p>Am Dienstag, 8.9.26 findet der TG-Schulsporttag auf dem Campus statt (Lageplan_TGSST_26). An diesem Leichtathletik-Team-Mehrkampf, der traditionsgem\u00e4ss durch die Fachgruppe Sport organisiert wird, messen sich \u00fcber 1500 Kinder und Jugendliche von der 5. bis zur 9. Klasse aus dem ganzen Kanton &hellip; <a href=\"https:\/\/blog.pmstg.ch\/?p=17468\">Weiterlesen <span class=\"meta-nav\">&rarr;<\/span><\/a><\/p>\n","protected":false},"author":18,"featured_media":0,"comment_status":"open","ping_status":"open","sticky":false,"template":"","format":"standard","meta":{"footnotes":""},"categories":[1],"tags":[],"class_list":["post-17468","post","type-post","status-publish","format-standard","hentry","category-uncategorized"],"_links":{"self":[{"href":"https:\/\/blog.pmstg.ch\/index.php?rest_route=\/wp\/v2\/posts\/17468","targetHints":{"allow":["GET"]}}],"collection":[{"href":"https:\/\/blog.pmstg.ch\/index.php?rest_route=\/wp\/v2\/posts"}],"about":[{"href":"https:\/\/blog.pmstg.ch\/index.php?rest_route=\/wp\/v2\/types\/post"}],"author":[{"embeddable":true,"href":"https:\/\/blog.pmstg.ch\/index.php?rest_route=\/wp\/v2\/users\/18"}],"replies":[{"embeddable":true,"href":"https:\/\/blog.pmstg.ch\/index.php?rest_route=%2Fwp%2Fv2%2Fcomments&post=17468"}],"version-history":[{"count":1,"href":"https:\/\/blog.pmstg.ch\/index.php?rest_route=\/wp\/v2\/posts\/17468\/revisions"}],"predecessor-version":[{"id":17473,"href":"https:\/\/blog.pmstg.ch\/index.php?rest_route=\/wp\/v2\/posts\/17468\/revisions\/17473"}],"wp:attachment":[{"href":"https:\/\/blog.pmstg.ch\/index.php?rest_route=%2Fwp%2Fv2%2Fmedia&parent=17468"}],"wp:term":[{"taxonomy":"category","embeddable":true,"href":"https:\/\/blog.pmstg.ch\/index.php?rest_route=%2Fwp%2Fv2%2Fcategories&post=17468"},{"taxonomy":"post_tag","embeddable":true,"href":"https:\/\/blog.pmstg.ch\/index.php?rest_route=%2Fwp%2Fv2%2Ftags&post=17468"}],"curies":[{"name":"wp","href":"https:\/\/api.w.org\/{rel}","templated":true}]}}